{"id":1232,"date":"2025-04-15T11:39:44","date_gmt":"2025-04-15T11:39:44","guid":{"rendered":"https:\/\/www.iislopianomagazine.it\/?p=1232"},"modified":"2025-05-28T08:16:03","modified_gmt":"2025-05-28T08:16:03","slug":"nascite-in-europa-un-futuro-a-crescita-zero","status":"publish","type":"post","link":"https:\/\/www.iislopianomagazine.it\/?p=1232","title":{"rendered":"Nascite in Europa: un futuro a crescita zero."},"content":{"rendered":"<h1 class=\"s3\"><strong><span class=\"s4\">Il crollo del tasso di fertilit<\/span><span class=\"s4\">\u00e0 <\/span><span class=\"s4\">mette a rischio un intero continente<\/span><\/strong><\/h1>\n<p class=\"s3\"><span class=\"s6\">In tutta Europa, il numero di nascite <\/span><span class=\"s6\">\u00e8 <\/span><span class=\"s6\">in forte calo. Il tasso di fertilit<\/span><span class=\"s6\">\u00e0<\/span><span class=\"s6\">, cio<\/span><span class=\"s6\">\u00e8 <\/span><span class=\"s6\">il numero medio di figli per donna, <\/span><span class=\"s6\">\u00e8 <\/span><span class=\"s6\">oggi il pi<\/span><span class=\"s6\">\u00f9 <\/span><span class=\"s6\">basso della storia moderna. Paesi come l<\/span><span class=\"s6\">\u2019<\/span><span class=\"s6\">Italia, la Spagna e la Grecia registrano valori molto lontani da quelli necessari per garantire il ricambio generazionale. Ma che cosa significa tutto questo per il nostro domani? E come cambier<\/span><span class=\"s6\">\u00e0 <\/span><span class=\"s6\">il volto del continente nei prossimi decenni? <\/span><\/p>\n<p class=\"s3\"><span class=\"s6\">Negli ultimi 75 anni, la popolazione mondiale <\/span><span class=\"s6\">\u00e8 <\/span><span class=\"s6\">cresciuta a ritmi vertiginosi, passando da 2 miliardi a oltre 8 miliardi di abitanti. Tuttavia, questo aumento demografico non riguarda tutti allo stesso modo: nei prossimi decenni alcuni continenti raddoppieranno i loro abitanti, mentre altri, come l<\/span><span class=\"s6\">\u2019<\/span><span class=\"s6\">Europa, li vedranno diminuire drasticamente, toccando ogni anno livelli sempre pi<\/span><span class=\"s6\">\u00f9 <\/span><span class=\"s6\">bassi.<\/span><\/p>\n<p class=\"s3\"><span class=\"s6\">Nel 2022, per la prima volta, le nascite nell<\/span><span class=\"s6\">\u2019<\/span><span class=\"s6\">Unione Europea sono scese sotto i quattro milioni (3,88 milioni), e il 2023 si <\/span><span class=\"s6\">\u00e8 <\/span><span class=\"s6\">concluso con un ulteriore calo del 5,4%, registrando appena 3,67 milioni di neonati. <\/span><span class=\"s6\">\u00c8 <\/span><span class=\"s6\">il dato pi<\/span><span class=\"s6\">\u00f9 <\/span><span class=\"s6\">basso dal 2004, come riportato da Eurostat, l<\/span><span class=\"s6\">\u2019<\/span><span class=\"s6\">ufficio statistico dell<\/span><span class=\"s6\">\u2019<\/span><span class=\"s6\">Unione Europea che si occupa di raccogliere, analizzare e pubblicare dati ufficiali su economia, popolazione, lavoro e societ<\/span><span class=\"s6\">\u00e0 <\/span><span class=\"s6\">dei Paesi UE, per comprendere meglio le trasformazioni nel continente. Nel 2023 il tasso di fertilit<\/span><span class=\"s6\">\u00e0 <\/span><span class=\"s6\">nell<\/span><span class=\"s6\">\u2019<\/span><span class=\"s6\">UE <\/span><span class=\"s6\">\u00e8 <\/span><span class=\"s6\">stato di 1,38 figli per donna, ben lontano dal tasso di sostituzione naturale, fissato a 2,1. In particolare in Italia vi <\/span><span class=\"s6\">\u00e8 <\/span><span class=\"s6\">un dato ancora pi<\/span><span class=\"s6\">\u00f9 <\/span><span class=\"s6\">grave: con appena 1,2 figli per donna tocca il livello pi<\/span><span class=\"s6\">\u00f9 <\/span><span class=\"s6\">basso degli ultimi 30 anni. <\/span><span class=\"s6\">Anche osservando il numero assoluto di nascite la tendenza non cambia: nel 2024, in Italia, sono nati circa 370.000 bambini, con un ulteriore calo del 2,6% rispetto ai 380.000 dell<\/span><span class=\"s6\">\u2019<\/span><span class=\"s6\">anno precedente. Un confronto con il 1995, anno in cui i nati furono oltre i 526.000, mostra quanto il nostro Paese stia affrontando una profonda crisi demografica.<\/span><\/p>\n<p class=\"s3\"><span class=\"s6\">A peggiorare il quadro c<\/span><span class=\"s6\">\u2019\u00e8 <\/span><span class=\"s6\">l<\/span><span class=\"s6\">\u2019<\/span><span class=\"s6\">aumento dell<\/span><span class=\"s6\">\u2019<\/span><span class=\"s6\">et<\/span><span class=\"s6\">\u00e0 <\/span><span class=\"s6\">media alla prima maternit<\/span><span class=\"s6\">\u00e0<\/span><span class=\"s6\">: in Europa si <\/span><span class=\"s6\">\u00e8 <\/span><span class=\"s6\">arrivati a 29,8 anni, ma in Italia il primo figlio arriva in media a 31,8 anni, il valore pi<\/span><span class=\"s6\">\u00f9 <\/span><span class=\"s6\">alto dell<\/span><span class=\"s6\">\u2019<\/span><span class=\"s6\">UE. Al contrario, Paesi come la Bulgaria mostrano una realt<\/span><span class=\"s6\">\u00e0 <\/span><span class=\"s6\">diversa, con madri pi<\/span><span class=\"s6\">\u00f9 <\/span><span class=\"s6\">giovani e un tasso di fertilit<\/span><span class=\"s6\">\u00e0 <\/span><span class=\"s6\">relativamente pi<\/span><span class=\"s6\">\u00f9 <\/span><span class=\"s6\">alto. Un altro dato preoccupante riguarda la struttura familiare. Ad oggi, secondo Eurostat, su 198,5 milioni di famiglie europee, il 75,7% non ha figli. Solo una famiglia su dieci ha un figlio, e meno di una su dieci ha due o pi<\/span><span class=\"s6\">\u00f9 <\/span><span class=\"s6\">figli. Tra il 2012 e il 2022, sebbene il numero totale di famiglie in Europa sia aumentato, la percentuale di quelle con figli <\/span><span class=\"s6\">\u00e8 <\/span><span class=\"s6\">diminuita. Questo mostra un chiaro segnale di quanto la scelta o la difficolt<\/span><span class=\"s6\">\u00e0 <\/span><span class=\"s6\">di mettere su famiglia stia cambiando profondamente all<\/span><span class=\"s6\">\u2019<\/span><span class=\"s6\">interno della nostra societ<\/span><span class=\"s6\">\u00e0<\/span><span class=\"s6\">.<\/span><\/p>\n<p class=\"s3\"><strong><span class=\"s4\">Perch<\/span><span class=\"s4\">\u00e9 <\/span><span class=\"s4\">i giovani di oggi non vogliono avere figli?<\/span><\/strong><\/p>\n<p class=\"s3\"><span class=\"s6\">Le nuove generazioni spesso scelgono di non avere figli o perch<\/span><span class=\"s6\">\u00e9 <\/span><span class=\"s6\">non lo reputano un progetto di vita a loro affine, o perch<\/span><span class=\"s6\">\u00e9 <\/span><span class=\"s6\">le condizioni sociali e lavorative non consentono loro di fare tale passo. In Italia <\/span><span class=\"s6\">\u00e8 <\/span><span class=\"s6\">presente un fenomeno detto childfree, la scelta voluta e consapevole di non avere figli. Sempre pi<\/span><span class=\"s6\">\u00f9 <\/span><span class=\"s6\">giovani scelgono di non intraprendere il percorso della genitorialit<\/span><span class=\"s6\">\u00e0<\/span><span class=\"s6\">, non perch<\/span><span class=\"s6\">\u00e9 <\/span><span class=\"s6\">costretti dalle circostanze, ma per una vera e propria ridefinizione delle priorit<\/span><span class=\"s6\">\u00e0<\/span><span class=\"s6\">. Avere figli, oggi, non <\/span><span class=\"s6\">\u00e8 <\/span><span class=\"s6\">pi<\/span><span class=\"s6\">\u00f9 <\/span><span class=\"s6\">visto come un traguardo naturale o necessario, ma come una scelta tra le tante possibili, e spesso non la pi<\/span><span class=\"s6\">\u00f9 <\/span><span class=\"s6\">desiderata.<\/span><\/p>\n<p class=\"s3\"><span class=\"s6\">Per la maggior parte dei giovani sono cambiati i piani di vita: al giorno d<\/span><span class=\"s7\">\u2019<\/span><span class=\"s6\">oggi si da maggiore importanza alla carriera, al lavoro e alla propria soddisfazione e realizzazione personale. In questo scenario, dunque, la maternit<\/span><span class=\"s6\">\u00e0 <\/span><span class=\"s6\">e la paternit<\/span><span class=\"s6\">\u00e0 <\/span><span class=\"s6\">vengono visti come una sorta di impedimento alla realizzazione dei propri sogni. A questo bisogna poi aggiungere che fare un figlio oggi ha dei costi sicuramente pi<\/span><span class=\"s6\">\u00f9 <\/span><span class=\"s6\">importanti rispetto al passato e in un contesto segnato da precariet<\/span><span class=\"s6\">\u00e0 <\/span><span class=\"s6\">economica, inflazione e mancanza di supporti adeguati, molti preferiscono non assumersi questo tipo di responsabilit<\/span><span class=\"s6\">\u00e0<\/span><span class=\"s6\">. Ma non si tratta solo di una scelta individuale o <\/span><span class=\"s8\">\u201c<\/span><span class=\"s6\">egoistica<\/span><span class=\"s6\">\u201d<\/span><span class=\"s6\">, una preoccupazione rilevante e da tenere in considerazione riguarda anche il mondo che ci circonda. \u00a0Le emergenze ambientali, la crisi climatica e l<\/span><span class=\"s7\">\u2019<\/span><span class=\"s6\">incertezza globale alimentano la paura di mettere al mondo dei figli in un futuro percepito come fragile, instabile e compromesso.<\/span><\/p>\n<p class=\"s3\"><strong><span class=\"s4\">Prospettive future: Europa in declino? <\/span><\/strong><\/p>\n<p class=\"s3\"><span class=\"s6\">Guardando al futuro, gli scenari che si delineano sono ancora pi<\/span><span class=\"s6\">\u00f9 <\/span><span class=\"s6\">preoccupanti. Oggi 63 paesi nel mondo, tra cui l<\/span><span class=\"s6\">\u2019<\/span><span class=\"s6\">Italia, <\/span><span class=\"s6\">hanno gi<\/span><span class=\"s6\">\u00e0 <\/span><span class=\"s6\">raggiunto il loro massimo storico di popolazione e sono entrati in una fase di declino. Se oggi gli italiani sono circa 58,9, le proiezioni ci dicono che nel 2100 potremmo scendere a soli 35,5 milioni di abitanti. Secondo altri studi pi<\/span><span class=\"s6\">\u00f9 <\/span><span class=\"s6\">pessimistici ed <\/span><span class=\"s6\">estremi invece, la popolazione italiana potrebbe addirittura scomparire tra circa 3 secoli (2300). Le conseguenze di questo calo saranno profonde. Con sempre meno giovani e un numero crescente di anziani, il sistema pensionistico rischier<\/span><span class=\"s6\">\u00e0 <\/span><span class=\"s6\">il collasso. Anche il servizio sanitario sar<\/span><span class=\"s6\">\u00e0 <\/span><span class=\"s6\">sotto pressione, con una popolazione sempre pi<\/span><span class=\"s6\">\u00f9 <\/span><span class=\"s6\">fragile e meno risorse a disposizione. Le scuole si svuoteranno, molte aziende faticheranno a trovare lavoratori e interi paesi rischieranno di spopolarsi. Non si tratta solo di numeri<\/span><span class=\"s6\">, <\/span><span class=\"s6\">si tratta di un cambiamento che toccher<\/span><span class=\"s6\">\u00e0 <\/span><span class=\"s6\">ogni aspetto della vita quotidiana. <\/span><\/p>\n<p class=\"s3\"><span class=\"s6\">Se non si interverr<\/span><span class=\"s6\">\u00e0 <\/span><span class=\"s6\">con politiche forti a sostegno delle famiglie, del lavoro giovanile e dell<\/span><span class=\"s6\">\u2019<\/span><span class=\"s6\">integrazione, l<\/span><span class=\"s6\">\u2019<\/span><span class=\"s6\">Europa del 2100 sar<\/span><span class=\"s6\">\u00e0 <\/span><span class=\"s6\">molto diversa da quella che conosciamo oggi. Sar<\/span><span class=\"s6\">\u00e0 <\/span><span class=\"s6\">un continente pi<\/span><span class=\"s6\">\u00f9 <\/span><span class=\"s6\">vecchio, pi<\/span><span class=\"s6\">\u00f9 <\/span><span class=\"s6\">vuoto e probabilmente meno influente nel panorama mondiale.<\/span><\/p>\n","protected":false},"excerpt":{"rendered":"<p>Il crollo del tasso di fertilit\u00e0 mette a rischio un intero continente In tutta Europa, il numero di nascite \u00e8 in forte calo. Il tasso di fertilit\u00e0, cio\u00e8 il numero medio di figli per donna, \u00e8 oggi il pi\u00f9 basso della storia moderna. Paesi come l\u2019Italia, la Spagna e la Grecia registrano valori molto lontani [&hellip;]<\/p>\n","protected":false},"author":2,"featured_media":1233,"comment_status":"closed","ping_status":"closed","sticky":false,"template":"","format":"standard","meta":{"footnotes":""},"categories":[14],"tags":[],"class_list":["post-1232","post","type-post","status-publish","format-standard","has-post-thumbnail","hentry","category-inchieste-e-reportage"],"_links":{"self":[{"href":"https:\/\/www.iislopianomagazine.it\/index.php?rest_route=\/wp\/v2\/posts\/1232","targetHints":{"allow":["GET"]}}],"collection":[{"href":"https:\/\/www.iislopianomagazine.it\/index.php?rest_route=\/wp\/v2\/posts"}],"about":[{"href":"https:\/\/www.iislopianomagazine.it\/index.php?rest_route=\/wp\/v2\/types\/post"}],"author":[{"embeddable":true,"href":"https:\/\/www.iislopianomagazine.it\/index.php?rest_route=\/wp\/v2\/users\/2"}],"replies":[{"embeddable":true,"href":"https:\/\/www.iislopianomagazine.it\/index.php?rest_route=%2Fwp%2Fv2%2Fcomments&post=1232"}],"version-history":[{"count":3,"href":"https:\/\/www.iislopianomagazine.it\/index.php?rest_route=\/wp\/v2\/posts\/1232\/revisions"}],"predecessor-version":[{"id":1722,"href":"https:\/\/www.iislopianomagazine.it\/index.php?rest_route=\/wp\/v2\/posts\/1232\/revisions\/1722"}],"wp:featuredmedia":[{"embeddable":true,"href":"https:\/\/www.iislopianomagazine.it\/index.php?rest_route=\/wp\/v2\/media\/1233"}],"wp:attachment":[{"href":"https:\/\/www.iislopianomagazine.it\/index.php?rest_route=%2Fwp%2Fv2%2Fmedia&parent=1232"}],"wp:term":[{"taxonomy":"category","embeddable":true,"href":"https:\/\/www.iislopianomagazine.it\/index.php?rest_route=%2Fwp%2Fv2%2Fcategories&post=1232"},{"taxonomy":"post_tag","embeddable":true,"href":"https:\/\/www.iislopianomagazine.it\/index.php?rest_route=%2Fwp%2Fv2%2Ftags&post=1232"}],"curies":[{"name":"wp","href":"https:\/\/api.w.org\/{rel}","templated":true}]}}