{"id":2013,"date":"2026-02-24T10:06:53","date_gmt":"2026-02-24T10:06:53","guid":{"rendered":"https:\/\/www.iislopianomagazine.it\/?p=2013"},"modified":"2026-02-24T10:50:48","modified_gmt":"2026-02-24T10:50:48","slug":"lattesa-e-finita-al-via-stasera-il-festival-di-sanremo","status":"publish","type":"post","link":"https:\/\/www.iislopianomagazine.it\/?p=2013","title":{"rendered":"L\u2019attesa \u00e8 finita: al via stasera il Festival di Sanremo"},"content":{"rendered":"<p style=\"text-align: left;\">Tutto pronto per l\u2019apertura della 76esima edizione del Festival della canzone italiana che inizier\u00e0 stasera alle 20:40 con l\u2019esibizione di tutti e trenta i cantanti in gara.<\/p>\n<p>Anche quest\u2019anno la direzione artistica e la conduzione sono affidate a Carlo Conti, uno dei volti pi\u00f9 noti della Rai, che sar\u00e0 affiancato da Laura Pausini, iconica cantante italiana che far\u00e0 un ritorno speciale sul palco dove ha iniziato la sua carriera.<\/p>\n<p>Durante le cinque serate si alterneranno poi vari co-conduttori ospiti. Questa sera toccher\u00e0 a Can Yaman, interprete della nuova serie tv Sandokan, mentre domani sar\u00e0 la volta di Achille Lauro, Lillo e Pilar Fogliati. Irina Shayk sar\u00e0 invece la co-conduttrice durante la terza serata, con ospiti Eros Ramazzotti e Alicia Keys. La serata di venerd\u00ec 27 febbraio sar\u00e0 invece quella delle cover, infatti i 30 Big interpreteranno\u00a0brani celebri \u00a0accompagnati da ospiti scelti personalmente. Nella finale di sabato ci sar\u00e0 come super ospite Andrea Bocelli e tutti gli interpreti torneranno sul palco per l\u2019ultima esibizione. I voti si sommeranno a quelli delle serate precedenti per determinare la classifica dal 30\u00b0 al 6\u00b0 posto, mentre i primi cinque accederanno alla superfinale, con una nuova votazione combinata tra sala stampa, radio e televoto: il totale decreter\u00e0 la canzone vincitrice. Inoltre, il trionfatore avr\u00e0 il diritto di rappresentare l\u2019Italia all\u2019Eurovision Song Contest, qualora accetti l\u2019invito.<\/p>\n<p>Tra i cantanti in gara pi\u00f9 noti ci saranno Fedez in coppia con Marco Masini, Arisa, Elettra Lamborghini, Patty Pravo e Tommaso Paradiso mentre tra gli emergenti pi\u00f9 amati dai giovanissimi, \u00a0Chiello, Luch\u00e8 e Le bambole di pezza.<\/p>\n<p>L\u2019attenzione degli scommettitori \u00e8 altissima: le classifiche social vedono in testa il duo Fedez-Masini. Quest\u2019anno si \u00e8 ricorso anche all\u2019uso dell\u2019intelligenza artificiale, che a quanto pare ha ipotizzato una possibile vittoria di Tommaso Paradiso o Ditonellapiaga, con Fedez e Masini subito dopo sul podio.<\/p>\n<p>Sanremo 2026 si preannuncia un\u2019edizione ricca di musica, sorprese e grandi artisti, con una formula che unisce tradizione e novit\u00e0. Inoltre la citt\u00e0 sta gi\u00e0 da giorni accogliendo numerosi turisti e le sue strade brulicano di eventi, concerti gratuiti e iniziative che coinvolgeranno cittadini e visitatori. Il Festival infatti non rappresenta soltanto una competizione musicale, ma da decenni influenza la musica e la cultura italiana, diventando uno degli eventi televisivi pi\u00f9 seguiti e discussi del nostro Paese e anche quest\u2019anno promette di tenere incollati milioni di spettatori davanti alla TV e ai dispositivi digitali, dal primo all\u2019ultimo minuto.<\/p>\n<p>Di Martina Karol Forestiero e Alessandro Abbate<\/p>\n<p>Classe I D liceo scientifico<\/p>\n","protected":false},"excerpt":{"rendered":"<p>Tutto pronto per l\u2019apertura della 76esima edizione del Festival della canzone italiana che inizier\u00e0 stasera alle 20:40 con l\u2019esibizione di tutti e trenta i cantanti in gara. Anche quest\u2019anno la direzione artistica e la conduzione sono affidate a Carlo Conti, uno dei volti pi\u00f9 noti della Rai, che sar\u00e0 affiancato da Laura Pausini, iconica cantante [&hellip;]<\/p>\n","protected":false},"author":2,"featured_media":2017,"comment_status":"closed","ping_status":"closed","sticky":false,"template":"","format":"standard","meta":{"footnotes":""},"categories":[4,3],"tags":[],"class_list":["post-2013","post","type-post","status-publish","format-standard","has-post-thumbnail","hentry","category-cultura","category-primo-piano"],"_links":{"self":[{"href":"https:\/\/www.iislopianomagazine.it\/index.php?rest_route=\/wp\/v2\/posts\/2013","targetHints":{"allow":["GET"]}}],"collection":[{"href":"https:\/\/www.iislopianomagazine.it\/index.php?rest_route=\/wp\/v2\/posts"}],"about":[{"href":"https:\/\/www.iislopianomagazine.it\/index.php?rest_route=\/wp\/v2\/types\/post"}],"author":[{"embeddable":true,"href":"https:\/\/www.iislopianomagazine.it\/index.php?rest_route=\/wp\/v2\/users\/2"}],"replies":[{"embeddable":true,"href":"https:\/\/www.iislopianomagazine.it\/index.php?rest_route=%2Fwp%2Fv2%2Fcomments&post=2013"}],"version-history":[{"count":1,"href":"https:\/\/www.iislopianomagazine.it\/index.php?rest_route=\/wp\/v2\/posts\/2013\/revisions"}],"predecessor-version":[{"id":2015,"href":"https:\/\/www.iislopianomagazine.it\/index.php?rest_route=\/wp\/v2\/posts\/2013\/revisions\/2015"}],"wp:featuredmedia":[{"embeddable":true,"href":"https:\/\/www.iislopianomagazine.it\/index.php?rest_route=\/wp\/v2\/media\/2017"}],"wp:attachment":[{"href":"https:\/\/www.iislopianomagazine.it\/index.php?rest_route=%2Fwp%2Fv2%2Fmedia&parent=2013"}],"wp:term":[{"taxonomy":"category","embeddable":true,"href":"https:\/\/www.iislopianomagazine.it\/index.php?rest_route=%2Fwp%2Fv2%2Fcategories&post=2013"},{"taxonomy":"post_tag","embeddable":true,"href":"https:\/\/www.iislopianomagazine.it\/index.php?rest_route=%2Fwp%2Fv2%2Ftags&post=2013"}],"curies":[{"name":"wp","href":"https:\/\/api.w.org\/{rel}","templated":true}]}}