{"id":425,"date":"2025-02-24T17:43:26","date_gmt":"2025-02-24T17:43:26","guid":{"rendered":"https:\/\/www.iislopianomagazine.it\/?p=425"},"modified":"2025-02-24T17:47:39","modified_gmt":"2025-02-24T17:47:39","slug":"la-lotta-al-bullismo-si-combatte-anche-al-cinema","status":"publish","type":"post","link":"https:\/\/www.iislopianomagazine.it\/?p=425","title":{"rendered":"LA LOTTA AL BULLISMO SI COMBATTE ANCHE AL CINEMA"},"content":{"rendered":"<blockquote>\n<h2><strong>\u201cIl ragazzo dai pantaloni rosa\u201d \u00e8 il film italiano pi\u00f9 visto del 2024<\/strong><\/h2>\n<\/blockquote>\n<p>\u201cIl ragazzo dai pantaloni rosa\u201d \u00e8 diventato il film italiano pi\u00f9 visto al cinema nel 2024, con pi\u00f9 di settanta milioni di spettatori e circa 493.9 milioni di euro di incassi. Il film racconta la vita di Andrea Spezzacatena, un ragazzo vittima di bullismo e cyber-bullismo omofobo, che il 20 Novembre 2012, giorno del suo quindicesimo compleanno, decise di togliersi la vita. Questa terribile tragedia comincia quando, a causa di un lavaggio sbagliato, i pantaloni rossi di Andrea si erano tinti di rosa, cosa che ha determinato molti insulti omofobi basati su un presunto orientamento sessuale, con violenza fisica, verbale e tramite i social media. Il film per\u00f2 racconta anche del rapporto che Andrea aveva con sua madre, Teresa Manes, che dopo la morte del figlio ha deciso di scrivere un libro, intitolato <em>\u201cAndrea, oltre il pantalone rosa\u201d<\/em> che \u00e8 diventato best seller tra i libri per ragazzi. Il successo del film \u00e8 stato certamente determinato dallo straordinario impegno profuso nella realizzazione della pellicola, soprattutto da parte della regista Margherita Ferri, ma anche da parte di tutto il cast, come i giovanissimi Samuele Carrino (nel film Andrea) e Andrea Arru (nel film Cristian) che hanno detto in molte interviste di essere cresciuti tanto con questa esperienza. Le studentesse e gli studenti delle classi prime del nostro Istituto hanno assistito alla proiezione del film in una uscita didattica presso il cinema Vittoria di Diamante. \u00c8 un film che tutti i ragazzi della nostra et\u00e0 dovrebbero vedere, perch\u00e9 ognuno di noi pu\u00f2 rivedersi e immedesimarsi nei personaggi. \u00c8 stata un\u2019esperienza significativa che ha toccato tutti e ci ha portato a fare delle profonde riflessioni su questo fenomeno che ci tocca da vicino e che va combattuto in ogni sua forma. Purtroppo la problematica del bullismo e del cyber-bullismo continua a colpire sempre di pi\u00f9 i giovani adolescenti; in Italia, secondo i pi\u00f9 recenti dati dell\u2019ISTAT, il 63,3% dei ragazzi ha dichiarato di essere stato testimone di comportamenti persecutori di alcuni ragazzi verso le vittime, solitamente molto fragili. Pi\u00f9 del 50% dei ragazzi tra gli undici e i diciassette anni ha subito episodi offensivi, non rispettosi o violento, con percentuali di vittimizzazione superiori per le ragazze. Se invece analizziamo nello specifico il cyber-bullismo notiamo che riguarda il 22,2% di tutte le vittime di bullismo. Nel 5,9% dei casi gli atti persecutori sono ripetuti, anche pi\u00f9 volte al mese. La quota pi\u00f9 elevata delle vittime si registra tra le ragazze tra gli undici e i diciassette anni; una maggiore percentuale delle vittime femminili \u00e8 confermata anche dai dati che riguardano il cyber-bullismo, infatti il 7,1% delle ragazze che si collegano ad Internet o dispongono di un telefono cellulare sono state oggetto di vessazioni continue sul web, contro il 4,6% dei ragazzi. Come purtroppo ci insegna la storia di Andrea, le conseguenze sulle vittime sono gravissime, infatti i giovani che hanno sperimentato episodi di bullismo sono spesso soggetti a depressione, solitudine, ansia e hanno maggiori probabilit\u00e0 di sviluppare difficolt\u00e0 relazionali, avere scarsa autostima, fino a elaborare pensieri suicidi.<\/p>\n<p>Lo straordinario successo di questo film ci insegna che le azioni concrete, capaci di far veramente riflettere gli adolescenti, possono davvero aiutare a sensibilizzarci su questa terribile piaga sociale e ci auguriamo che la scuola sia sempre di pi\u00f9 un luogo in cui vivere a pieno queste esperienze significative.<\/p>\n<p>Di\u00a0 \u00a0Ilaria Alfano<\/p>\n<p>Maria Francesca Bonesi<\/p>\n<p>Classe ID Liceo Scientifico<\/p>\n<p><strong>\u00a0<\/strong><\/p>\n","protected":false},"excerpt":{"rendered":"<p>\u201cIl ragazzo dai pantaloni rosa\u201d \u00e8 il film italiano pi\u00f9 visto del 2024 \u201cIl ragazzo dai pantaloni rosa\u201d \u00e8 diventato il film italiano pi\u00f9 visto al cinema nel 2024, con pi\u00f9 di settanta milioni di spettatori e circa 493.9 milioni di euro di incassi. Il film racconta la vita di Andrea Spezzacatena, un ragazzo vittima [&hellip;]<\/p>\n","protected":false},"author":2,"featured_media":427,"comment_status":"closed","ping_status":"closed","sticky":false,"template":"","format":"standard","meta":{"footnotes":""},"categories":[4,1],"tags":[],"class_list":["post-425","post","type-post","status-publish","format-standard","has-post-thumbnail","hentry","category-cultura","category-notizie"],"_links":{"self":[{"href":"https:\/\/www.iislopianomagazine.it\/index.php?rest_route=\/wp\/v2\/posts\/425","targetHints":{"allow":["GET"]}}],"collection":[{"href":"https:\/\/www.iislopianomagazine.it\/index.php?rest_route=\/wp\/v2\/posts"}],"about":[{"href":"https:\/\/www.iislopianomagazine.it\/index.php?rest_route=\/wp\/v2\/types\/post"}],"author":[{"embeddable":true,"href":"https:\/\/www.iislopianomagazine.it\/index.php?rest_route=\/wp\/v2\/users\/2"}],"replies":[{"embeddable":true,"href":"https:\/\/www.iislopianomagazine.it\/index.php?rest_route=%2Fwp%2Fv2%2Fcomments&post=425"}],"version-history":[{"count":3,"href":"https:\/\/www.iislopianomagazine.it\/index.php?rest_route=\/wp\/v2\/posts\/425\/revisions"}],"predecessor-version":[{"id":429,"href":"https:\/\/www.iislopianomagazine.it\/index.php?rest_route=\/wp\/v2\/posts\/425\/revisions\/429"}],"wp:featuredmedia":[{"embeddable":true,"href":"https:\/\/www.iislopianomagazine.it\/index.php?rest_route=\/wp\/v2\/media\/427"}],"wp:attachment":[{"href":"https:\/\/www.iislopianomagazine.it\/index.php?rest_route=%2Fwp%2Fv2%2Fmedia&parent=425"}],"wp:term":[{"taxonomy":"category","embeddable":true,"href":"https:\/\/www.iislopianomagazine.it\/index.php?rest_route=%2Fwp%2Fv2%2Fcategories&post=425"},{"taxonomy":"post_tag","embeddable":true,"href":"https:\/\/www.iislopianomagazine.it\/index.php?rest_route=%2Fwp%2Fv2%2Ftags&post=425"}],"curies":[{"name":"wp","href":"https:\/\/api.w.org\/{rel}","templated":true}]}}