{"id":443,"date":"2025-02-26T09:21:29","date_gmt":"2025-02-26T09:21:29","guid":{"rendered":"https:\/\/www.iislopianomagazine.it\/?p=443"},"modified":"2025-02-26T09:21:29","modified_gmt":"2025-02-26T09:21:29","slug":"papa-francesco-condizioni-critiche-ma-stazionarie","status":"publish","type":"post","link":"https:\/\/www.iislopianomagazine.it\/?p=443","title":{"rendered":"PAPA FRANCESCO: CONDIZIONI CRITICHE MA STAZIONARIE"},"content":{"rendered":"<h2><span style=\"font-weight: 400;\">Nella giornata di ieri nessuna crisi respiratoria per il pontefice, ma la prognosi resta riservata.<\/span><span style=\"font-weight: 400;\">\u00a0<\/span><\/h2>\n<h4><span style=\"font-weight: 400;\">\u00ab<\/span><i><span style=\"font-weight: 400;\">Le condizioni sono critiche ma stazionarie. L\u2019insufficienza renale non preoccupa<\/span><\/i><span style=\"font-weight: 400;\">\u00bb, questo \u00e8 l\u2019ultimo aggiornamento della Sala Stampa della Santa Sede sulle condizioni di salute del pontefice. Papa Francesco, ricoverato dal 14 febbraio 2025 al Policlinico Agostino Gemelli di Roma, \u00e8 affetto da una polmonite bilaterale aggravata da un quadro clinico gi\u00e0 critico sin dalla giovent\u00f9. All\u2019et\u00e0 di vent&#8217;anni, infatti, fu colpito da una grave infezione respiratoria che port\u00f2 all&#8217;asportazione del lobo superiore del polmone destro. L\u2019iperreattivit\u00e0 bronchiale che ne \u00e8 derivata, ha portato il Pontefice ad una crisi respiratoria asmatiforme prolungata. Durante questo periodo di degenza ha ricevuto due unit\u00e0 di emazie concentrate per aumentare i livelli di emoglobina, mantenendo stabile la piastrinopenia. Prosegue ora con l\u2019ossigenoterapia ad alti flussi tramite cannule nasali e risulta vigile e ben orientato. Nonostante la gravit\u00e0 della situazione, ha infatti partecipato alla Messa domenicale del 23 febbraio nel suo appartamento all\u2019interno dell\u2019ospedale. Al contempo, la complessit\u00e0 del quadro clinico e la necessit\u00e0 di attendere l\u2019efficacia delle terapie farmacologiche rendono ancora riservata la prognosi e pertanto sar\u00e0 necessario ulteriore tempo per valutare la risposta del Pontefice alle cure contro la polmonite bilaterale. I medici stanno monitorando attentamente la sua salute, fornendo le cure necessarie per gestire l\u2019insufficienza renale e altre complicazioni che potrebbero insorgere. Dopo aver modificato le cure, la terapia sembra funzionare meglio, ma per dichiararlo fuori pericolo serviranno ancora diverse settimane.<\/span><span style=\"font-weight: 400;\">\u00a0<\/span><br \/>\n<span style=\"font-weight: 400;\">In un messaggio ai fedeli, Papa Francesco ha espresso gratitudine per il supporto ricevuto e ha chiesto preghiere per la sua salute. Fedeli di tutto il mondo hanno, infatti, manifestato il loro sostegno e la loro vicinanza al Vescovo di Roma in questo momento difficile sperando in un rapido miglioramento delle sue condizioni e ogni giorno una piccola folla si raccoglie dinanzi alla sua finestra del Policlinico Gemelli.<\/span><br \/>\n<span style=\"font-weight: 400;\">La presidente della Federazione delle scuole cattoliche (FIDAE), Virginia Kaladich si sta occupando di raccogliere messaggi e piccoli video da mandare al Papa, anche se &#8211; afferma &#8211; \u201cnon sappiamo se riuscir\u00e0 a vederli, intanto in tutte le scuole cattoliche ogni giorno si prega per lui\u201d.<\/span><br \/>\n<span style=\"font-weight: 400;\">Ulteriori aggiornamenti sulle condizioni del Santo Padre sono attesi nei prossimi bollettini medici.<\/span><\/p>\n<p><span style=\"font-weight: 400;\">Di Francesco Turco<\/span><\/h4>\n<h4><span style=\"font-weight: 400;\">Classe VD Liceo Scientifico<\/span><\/h4>\n","protected":false},"excerpt":{"rendered":"<p>Nella giornata di ieri nessuna crisi respiratoria per il pontefice, ma la prognosi resta riservata.\u00a0 \u00abLe condizioni sono critiche ma stazionarie. L\u2019insufficienza renale non preoccupa\u00bb, questo \u00e8 l\u2019ultimo aggiornamento della Sala Stampa della Santa Sede sulle condizioni di salute del pontefice. Papa Francesco, ricoverato dal 14 febbraio 2025 al Policlinico Agostino Gemelli di Roma, \u00e8 [&hellip;]<\/p>\n","protected":false},"author":2,"featured_media":444,"comment_status":"closed","ping_status":"closed","sticky":false,"template":"","format":"standard","meta":{"footnotes":""},"categories":[3],"tags":[],"class_list":["post-443","post","type-post","status-publish","format-standard","has-post-thumbnail","hentry","category-primo-piano"],"_links":{"self":[{"href":"https:\/\/www.iislopianomagazine.it\/index.php?rest_route=\/wp\/v2\/posts\/443","targetHints":{"allow":["GET"]}}],"collection":[{"href":"https:\/\/www.iislopianomagazine.it\/index.php?rest_route=\/wp\/v2\/posts"}],"about":[{"href":"https:\/\/www.iislopianomagazine.it\/index.php?rest_route=\/wp\/v2\/types\/post"}],"author":[{"embeddable":true,"href":"https:\/\/www.iislopianomagazine.it\/index.php?rest_route=\/wp\/v2\/users\/2"}],"replies":[{"embeddable":true,"href":"https:\/\/www.iislopianomagazine.it\/index.php?rest_route=%2Fwp%2Fv2%2Fcomments&post=443"}],"version-history":[{"count":1,"href":"https:\/\/www.iislopianomagazine.it\/index.php?rest_route=\/wp\/v2\/posts\/443\/revisions"}],"predecessor-version":[{"id":445,"href":"https:\/\/www.iislopianomagazine.it\/index.php?rest_route=\/wp\/v2\/posts\/443\/revisions\/445"}],"wp:featuredmedia":[{"embeddable":true,"href":"https:\/\/www.iislopianomagazine.it\/index.php?rest_route=\/wp\/v2\/media\/444"}],"wp:attachment":[{"href":"https:\/\/www.iislopianomagazine.it\/index.php?rest_route=%2Fwp%2Fv2%2Fmedia&parent=443"}],"wp:term":[{"taxonomy":"category","embeddable":true,"href":"https:\/\/www.iislopianomagazine.it\/index.php?rest_route=%2Fwp%2Fv2%2Fcategories&post=443"},{"taxonomy":"post_tag","embeddable":true,"href":"https:\/\/www.iislopianomagazine.it\/index.php?rest_route=%2Fwp%2Fv2%2Ftags&post=443"}],"curies":[{"name":"wp","href":"https:\/\/api.w.org\/{rel}","templated":true}]}}