{"id":447,"date":"2025-02-27T12:10:16","date_gmt":"2025-02-27T12:10:16","guid":{"rendered":"https:\/\/www.iislopianomagazine.it\/?p=447"},"modified":"2025-02-27T12:10:16","modified_gmt":"2025-02-27T12:10:16","slug":"paola-fratellini-maltrattati-affidati-alla-nonna-paterna-ma-il-pm-presenta-appello","status":"publish","type":"post","link":"https:\/\/www.iislopianomagazine.it\/?p=447","title":{"rendered":"PAOLA &#8211; fratellini maltrattati affidati alla nonna paterna ma il PM presenta appello"},"content":{"rendered":"<p>Continua a evolversi la triste vicenda\u00a0 riguardante le due piccoli vittime di presunti maltrattamenti a Paola. Lo scorso 24 febbraio il il Tribunale dei minori di Catanzaro aveva revocato la sospensione della responsabilit\u00e0 genitoriale disposta a carico del padre naturale, affidando a lui e alla nonna materna i due fratellini e collocandoli presso la casa di quest\u2019ultima. Era emerso infatti dalle indagini l\u2019assoluta estraneit\u00e0 ai gravi fatti in esame della famiglia paterna, che avrebbe avuto contatti con i bimbi solo nel periodo di Natale, durante il quale in particolare la nonna si \u00e8 preoccupata per le loro condizioni di turbamento, contattando il medico di famiglia ed effettuando dei video.<\/p>\n<p>Il Pubblico ministero del Tribunale dei minori ha per\u00f2 presentato ricorso avverso la decisione di affidamento alla nonna. Le motivazioni del provvedimento risiederebbero nella mancanza di un adeguato intervento da parte della famiglia paterna una volta venuti a conoscenza\u00a0 dei maltrattamenti subiti dai minori. Infatti secondo il PM, nonostante il padre e la nonna avessero notato e filmato i presunti segni degli abusi, non avrebbero portato i bambini all&#8217;ospedale, n\u00e9 presentato denuncia.\u00a0 Alla luce di queste motivazioni il PM ha chiesto che la Corte d&#8217;Appello di Catanzaro si determini nell&#8217;udienza gi\u00e0 fissata per il 25 marzo 2025.<\/p>\n<p>Si tratta di un delicato e tragico caso che continua a sconvolgere l\u2019opinione pubblica, non solo della nostra realt\u00e0 locale, ma dell\u2019Italia intera. La vicenda ha avuto inizio lo scorso 28 gennaio quando il personale medico dell\u2019Annunziata di Cosenza segnala alle autorit\u00e0 competenti i sintomi di presunti maltrattamenti su un piccolo paziente di quattro anni. A ci\u00f2 fanno seguito verifiche approfondite anche sul fratellino pi\u00f9 piccolo, che viene trovato dai carabinieri in casa in condizioni di salute precarie con lesioni e fratture. Nel corso delle indagini la Procura di Paola notifica il divieto di avvicinamento alla mamma e alla nonna materna e il 6 febbraio scorso, viene emesso dal gip della stessa Procura il provvedimento di arresto per il compagno della madre con l\u2019accusa di maltrattamenti in famiglia e lesioni personali gravi. \u00a0La mamma e la nonna materna sono state invece accusate di aver coperto il compagno della madre, che si \u00e8 detto innocente davanti al giudice per le indagini preliminari del Tribunale di Paola, Carla D\u2019Acunzo.<\/p>\n<p>Tutta la nostra comunit\u00e0 \u00e8 rimasta scossa e attonita da questa storia di dolore e si interroga su cosa si sarebbe dovuto fare per evitarla. Ora tocca alla Magistratura fare luce su ogni responsabilit\u00e0.<\/p>\n<p>Di Greta Chiappetta<\/p>\n<p>Classe IV E Liceo Scientifico Sportivo<\/p>\n","protected":false},"excerpt":{"rendered":"<p>Continua a evolversi la triste vicenda\u00a0 riguardante le due piccoli vittime di presunti maltrattamenti a Paola. Lo scorso 24 febbraio il il Tribunale dei minori di Catanzaro aveva revocato la sospensione della responsabilit\u00e0 genitoriale disposta a carico del padre naturale, affidando a lui e alla nonna materna i due fratellini e collocandoli presso la casa [&hellip;]<\/p>\n","protected":false},"author":2,"featured_media":469,"comment_status":"closed","ping_status":"closed","sticky":false,"template":"","format":"standard","meta":{"footnotes":""},"categories":[3],"tags":[],"class_list":["post-447","post","type-post","status-publish","format-standard","has-post-thumbnail","hentry","category-primo-piano"],"_links":{"self":[{"href":"https:\/\/www.iislopianomagazine.it\/index.php?rest_route=\/wp\/v2\/posts\/447","targetHints":{"allow":["GET"]}}],"collection":[{"href":"https:\/\/www.iislopianomagazine.it\/index.php?rest_route=\/wp\/v2\/posts"}],"about":[{"href":"https:\/\/www.iislopianomagazine.it\/index.php?rest_route=\/wp\/v2\/types\/post"}],"author":[{"embeddable":true,"href":"https:\/\/www.iislopianomagazine.it\/index.php?rest_route=\/wp\/v2\/users\/2"}],"replies":[{"embeddable":true,"href":"https:\/\/www.iislopianomagazine.it\/index.php?rest_route=%2Fwp%2Fv2%2Fcomments&post=447"}],"version-history":[{"count":5,"href":"https:\/\/www.iislopianomagazine.it\/index.php?rest_route=\/wp\/v2\/posts\/447\/revisions"}],"predecessor-version":[{"id":470,"href":"https:\/\/www.iislopianomagazine.it\/index.php?rest_route=\/wp\/v2\/posts\/447\/revisions\/470"}],"wp:featuredmedia":[{"embeddable":true,"href":"https:\/\/www.iislopianomagazine.it\/index.php?rest_route=\/wp\/v2\/media\/469"}],"wp:attachment":[{"href":"https:\/\/www.iislopianomagazine.it\/index.php?rest_route=%2Fwp%2Fv2%2Fmedia&parent=447"}],"wp:term":[{"taxonomy":"category","embeddable":true,"href":"https:\/\/www.iislopianomagazine.it\/index.php?rest_route=%2Fwp%2Fv2%2Fcategories&post=447"},{"taxonomy":"post_tag","embeddable":true,"href":"https:\/\/www.iislopianomagazine.it\/index.php?rest_route=%2Fwp%2Fv2%2Ftags&post=447"}],"curies":[{"name":"wp","href":"https:\/\/api.w.org\/{rel}","templated":true}]}}