{"id":564,"date":"2025-03-04T10:05:07","date_gmt":"2025-03-04T10:05:07","guid":{"rendered":"https:\/\/www.iislopianomagazine.it\/?p=564"},"modified":"2025-03-04T10:05:07","modified_gmt":"2025-03-04T10:05:07","slug":"oggi-e-la-giornata-mondiale-dellobesita","status":"publish","type":"post","link":"https:\/\/www.iislopianomagazine.it\/?p=564","title":{"rendered":"OGGI \u00c8 LA GIORNATA\u00a0 MONDIALE DELL\u2019OBESIT\u00c0\u00a0"},"content":{"rendered":"<p><strong>Questa ricorrenza ci ricorda i gravi rischi legati a questa malattia<\/strong><\/p>\n<p>Il 4 marzo 2024 si celebra la giornata mondiale dell\u2019obesit\u00e0 , una ricorrenza importante per sensibilizzare l\u2019opinione pubblica sulla gravit\u00e0 di questa e sull\u2019importanza di intervenire tempestivamente per prevenire e curare l\u2019obesit\u00e0 a livello globale.<\/p>\n<p><img loading=\"lazy\" decoding=\"async\" class=\"alignnone size-medium wp-image-568\" src=\"https:\/\/www.iislopianomagazine.it\/wp-content\/uploads\/2025\/03\/obesita-2-300x300.jpg\" alt=\"\" width=\"300\" height=\"300\" srcset=\"https:\/\/www.iislopianomagazine.it\/wp-content\/uploads\/2025\/03\/obesita-2-300x300.jpg 300w, https:\/\/www.iislopianomagazine.it\/wp-content\/uploads\/2025\/03\/obesita-2-150x150.jpg 150w, https:\/\/www.iislopianomagazine.it\/wp-content\/uploads\/2025\/03\/obesita-2-768x768.jpg 768w, https:\/\/www.iislopianomagazine.it\/wp-content\/uploads\/2025\/03\/obesita-2.jpg 1024w\" sizes=\"auto, (max-width: 300px) 100vw, 300px\" \/><\/p>\n<p><strong>L\u2019Obesit\u00e0 come Malattia<\/strong><\/p>\n<p>L\u2019obesit\u00e0 non \u00e8 solo una questione estetica, ma una vera e propria patologia che comporta rischi per la salute, tra cui malattie cardiovascolari, diabete, ictus, alcuni tipi di tumori e altre patologie croniche. Oltre a danneggiare la salute fisica, l\u2019obesit\u00e0 pu\u00f2 avere anche un impatto negativo sulla salute mentale, spesso legata a sentimenti di frustrazione, ansia e depressione, dovuti anche allo stigma sociale e alla discriminazione che molte persone obese affrontano quotidianamente.<\/p>\n<p>Questa condizione ha ormai raggiunto proporzioni globali: secondo l\u2019Organizzazione Mondiale della Sanit\u00e0 (OMS), l\u2019obesit\u00e0 sta aumentando in modo preoccupante in molti Paesi, anche in quelli a basso e medio reddito, dove i cambiamenti nello stile di vita, l\u2019alimentazione e la crescente sedentariet\u00e0 sono tra i fattori principali che contribuiscono all\u2019aumento dell\u2019obesit\u00e0.<\/p>\n<p><strong>La Sfida dell\u2019Obesit\u00e0 Infantile<\/strong><\/p>\n<p>Un altro aspetto cruciale riguarda l\u2019obesit\u00e0 infantile, che \u00e8 in crescita in tutto il mondo e rappresenta una delle sfide pi\u00f9 urgenti. I bambini e gli adolescenti sono particolarmente vulnerabili ai fattori di rischio legati all\u2019obesit\u00e0, come la scarsa attivit\u00e0 fisica e l\u2019alimentazione non equilibrata. I dati pi\u00f9 recenti rivelano che il numero di bambini obesi \u00e8 aumentato in modo significativo negli ultimi decenni, portando a gravi conseguenze a lungo termine per la loro salute.<\/p>\n<p>Prevenire l\u2019obesit\u00e0 in et\u00e0 infantile significa promuovere politiche sanitarie che incoraggino un\u2019attivit\u00e0 fisica regolare, l\u2019educazione alimentare nelle scuole, e la creazione di ambienti che supportino stili di vita sani. \u00c8 anche essenziale che i genitori, le scuole e le comunit\u00e0 siano coinvolti in questa lotta, sostenendo i bambini nella costruzione di abitudini salutari che dureranno nel tempo.<\/p>\n<p><strong>La Lotta contro lo Stigma e il Fat Shaming<\/strong><\/p>\n<p>Oltre agli aspetti fisici e clinici, \u00e8 importante combattere anche lo stigma sociale<strong>\u00a0<\/strong> che molte persone obese affrontano. Il cosiddetto fat shaming<strong>\u00a0<\/strong> (schernire le persone in sovrappeso o obese) \u00e8 un fenomeno dannoso che aggrava il senso di isolamento e la sofferenza psicologica legata all\u2019obesit\u00e0. Le persone obese spesso si trovano a dover affrontare discriminazione e pregiudizi, che possono influire negativamente sulla loro salute mentale e sull\u2019accesso ai trattamenti necessari. La Giornata Mondiale dell\u2019Obesit\u00e0 offre un\u2019importante opportunit\u00e0 per abbattere questi pregiudizi e promuovere una visione pi\u00f9 inclusiva e comprensiva della salute, basata sull\u2019empatia, il supporto e la comprensione.<\/p>\n<p><strong>Un Impegno Globale per la Salute<\/strong><\/p>\n<p>In conclusione, il 4 marzo, non \u00e8 solo un\u2019occasione per sensibilizzare, ma anche un richiamo urgente a un impegno collettivo per affrontare questa malattia che ha gravi implicazioni per la salute globale. La prevenzione e il trattamento dell\u2019obesit\u00e0 richiedono un\u2019azione sinergica, che coinvolga governi, istituzioni sanitarie, scuole e comunit\u00e0. Solo attraverso un\u2019educazione continua, l\u2019accesso a cure appropriate e un cambiamento nelle abitudini quotidiane potremo sperare di ridurre l\u2019incidenza di questa malattia e migliorare la qualit\u00e0 della vita delle persone a livello mondiale.<\/p>\n<p>Di Gaetana Venneri<\/p>\n<p>Classe V D Liceo Scientifico<\/p>\n<p>&nbsp;<\/p>\n","protected":false},"excerpt":{"rendered":"<p>Questa ricorrenza ci ricorda i gravi rischi legati a questa malattia Il 4 marzo 2024 si celebra la giornata mondiale dell\u2019obesit\u00e0 , una ricorrenza importante per sensibilizzare l\u2019opinione pubblica sulla gravit\u00e0 di questa e sull\u2019importanza di intervenire tempestivamente per prevenire e curare l\u2019obesit\u00e0 a livello globale. L\u2019Obesit\u00e0 come Malattia L\u2019obesit\u00e0 non \u00e8 solo una questione [&hellip;]<\/p>\n","protected":false},"author":2,"featured_media":565,"comment_status":"closed","ping_status":"closed","sticky":false,"template":"","format":"standard","meta":{"footnotes":""},"categories":[3,12],"tags":[],"class_list":["post-564","post","type-post","status-publish","format-standard","has-post-thumbnail","hentry","category-primo-piano","category-rubrica-scientifica"],"_links":{"self":[{"href":"https:\/\/www.iislopianomagazine.it\/index.php?rest_route=\/wp\/v2\/posts\/564","targetHints":{"allow":["GET"]}}],"collection":[{"href":"https:\/\/www.iislopianomagazine.it\/index.php?rest_route=\/wp\/v2\/posts"}],"about":[{"href":"https:\/\/www.iislopianomagazine.it\/index.php?rest_route=\/wp\/v2\/types\/post"}],"author":[{"embeddable":true,"href":"https:\/\/www.iislopianomagazine.it\/index.php?rest_route=\/wp\/v2\/users\/2"}],"replies":[{"embeddable":true,"href":"https:\/\/www.iislopianomagazine.it\/index.php?rest_route=%2Fwp%2Fv2%2Fcomments&post=564"}],"version-history":[{"count":3,"href":"https:\/\/www.iislopianomagazine.it\/index.php?rest_route=\/wp\/v2\/posts\/564\/revisions"}],"predecessor-version":[{"id":569,"href":"https:\/\/www.iislopianomagazine.it\/index.php?rest_route=\/wp\/v2\/posts\/564\/revisions\/569"}],"wp:featuredmedia":[{"embeddable":true,"href":"https:\/\/www.iislopianomagazine.it\/index.php?rest_route=\/wp\/v2\/media\/565"}],"wp:attachment":[{"href":"https:\/\/www.iislopianomagazine.it\/index.php?rest_route=%2Fwp%2Fv2%2Fmedia&parent=564"}],"wp:term":[{"taxonomy":"category","embeddable":true,"href":"https:\/\/www.iislopianomagazine.it\/index.php?rest_route=%2Fwp%2Fv2%2Fcategories&post=564"},{"taxonomy":"post_tag","embeddable":true,"href":"https:\/\/www.iislopianomagazine.it\/index.php?rest_route=%2Fwp%2Fv2%2Ftags&post=564"}],"curies":[{"name":"wp","href":"https:\/\/api.w.org\/{rel}","templated":true}]}}