{"id":868,"date":"2025-03-22T10:24:13","date_gmt":"2025-03-22T10:24:13","guid":{"rendered":"https:\/\/www.iislopianomagazine.it\/?p=868"},"modified":"2025-03-22T10:25:33","modified_gmt":"2025-03-22T10:25:33","slug":"da-stasera-in-onda-il-serale-di-amici-la-sfida-si-accende-chi-brillera-sul-palco","status":"publish","type":"post","link":"https:\/\/www.iislopianomagazine.it\/?p=868","title":{"rendered":"Da stasera in onda il Serale di Amici: la sfida si accende, chi briller\u00e0 sul palco?"},"content":{"rendered":"<h2><span data-contrast=\"auto\">Un viaggio tra emozioni, sacrifici e sogni pronti a spiccare il volo<\/span><\/h2>\n<p><span data-contrast=\"auto\">Questa sera, sabato 22 marzo 2025, si accendono i riflettori sulla fase pi\u00f9 attesa di \u201cAmici\u201d di Maria De Filippi: il Serale. Dopo mesi di sfide, sacrifici e lezioni, i talenti della scuola sono pronti a darsi battaglia sul palco di Canale 5, nella speranza di conquistare il titolo di vincitore della 24\u00aa edizione del talent show pi\u00f9 longevo e amato della TV italiana. L\u2019energia \u00e8 alle stelle: il pubblico \u00e8 impaziente di scoprire chi riuscir\u00e0 a imporsi nel canto e nella danza, mentre gli allievi sono consapevoli che ogni performance potrebbe cambiare il loro destino artistico. Il Serale non \u00e8 solo una competizione, ma una vera e propria vetrina per il futuro, un\u2019opportunit\u00e0 per emergere nel mondo della musica e dello spettacolo.<\/span><span data-ccp-props=\"{&quot;134233117&quot;:true,&quot;134233118&quot;:true,&quot;201341983&quot;:0,&quot;335559740&quot;:240}\">\u00a0<\/span><\/p>\n<p><b><span data-contrast=\"auto\">Un palco di emozioni e sfide<\/span><\/b><span data-ccp-props=\"{&quot;134233117&quot;:true,&quot;134233118&quot;:true,&quot;201341983&quot;:0,&quot;335559740&quot;:240}\">\u00a0<\/span><\/p>\n<p><span data-contrast=\"auto\">Il percorso per arrivare al Serale non \u00e8 stato facile. Gli allievi hanno dovuto superare numerose prove, conquistare la maglia dorata e convincere i professori di meritarsi un posto in questa fase cruciale. Ora, la sfida si fa ancora pi\u00f9 dura: il livello si alza, la pressione aumenta e ogni settimana qualcuno dovr\u00e0 abbandonare il sogno di Amici. Lo show si preannuncia spettacolare, con coreografie di alto livello e performance vocali emozionanti. Il pubblico si aspetta di vivere momenti emozionanti, ma anche scontri accesi tra i protagonisti, che non risparmieranno\u00a0strategie, rivalit\u00e0 e colpi di scena. Come sempre, il Serale sar\u00e0 un mix perfetto di talento, emozione e spettacolo.<\/span><span data-ccp-props=\"{&quot;134233117&quot;:true,&quot;134233118&quot;:true,&quot;201341983&quot;:0,&quot;335559740&quot;:240}\">\u00a0<\/span><\/p>\n<p><span data-contrast=\"auto\">A valutare le esibizioni degli allievi ci sar\u00e0 una giuria d\u2019eccezione. I\u00a0giudici saranno Amadeus, Cristiano Malgioglio e Elena D\u2019Amario. La loro presenza sar\u00e0 fondamentale nel determinare il percorso degli allievi, influenzando eliminazioni e sfide dirette. La direzione artistica \u00e8 affidata a St\u00e9phane Jarny, che gi\u00e0 negli scorsi anni ha curato le scenografie e le coreografie spettacolari che rendono il Serale di Amici un vero e proprio show televisivo. Con il suo tocco creativo, le performance saranno arricchite da effetti visivi, giochi di luci e scenografie immersive che renderanno ogni esibizione unica.<\/span><span data-ccp-props=\"{&quot;134233117&quot;:true,&quot;134233118&quot;:true,&quot;201341983&quot;:0,&quot;335559740&quot;:240}\">\u00a0<\/span><\/p>\n<p><span data-contrast=\"auto\">Il Serale di Amici andr\u00e0 in onda ogni sabato sera su Canale 5, con la possibilit\u00e0 di rivedere le puntate e i momenti salienti su Witty TV e Mediaset Infinity. Per chi vuole restare sempre aggiornato, i social ufficiali del programma offriranno contenuti esclusivi, dietro le quinte e interviste ai protagonisti.<\/span><span data-ccp-props=\"{&quot;134233117&quot;:true,&quot;134233118&quot;:true,&quot;201341983&quot;:0,&quot;335559740&quot;:240}\">\u00a0<\/span><\/p>\n<p><b><span data-contrast=\"auto\">Le squadre pronte a darsi battaglia<\/span><\/b><span data-ccp-props=\"{&quot;134233117&quot;:true,&quot;134233118&quot;:true,&quot;201341983&quot;:0,&quot;335559740&quot;:240}\">\u00a0<\/span><\/p>\n<p><span data-contrast=\"auto\">Come da tradizione, gli allievi ammessi al Serale sono stati divisi in tre squadre, ciascuna guidata da una coppia di professori, che avranno il compito di sostenere e preparare i propri ragazzi, oltre a scegliere le strategie migliori per le sfide dirette.<\/span><span data-ccp-props=\"{&quot;134233117&quot;:true,&quot;134233118&quot;:true,&quot;201341983&quot;:0,&quot;335559740&quot;:240}\">\u00a0<\/span><\/p>\n<ul>\n<li><span data-contrast=\"auto\"> Squadra Zerbi-Celentano: La coppia formata da Rudy Zerbi e Alessandra Celentano punta da sempre sulla disciplina e sul rigore artistico. Zerbi ha selezionato cantanti dalla forte personalit\u00e0 vocale, capaci di emozionare il pubblico con interpretazioni intense. Celentano, invece, ha puntato su ballerini tecnicamente impeccabili, pronti a dimostrare il loro valore in coreografie che metteranno alla prova la loro preparazione classica.<\/span><\/li>\n<li><span data-contrast=\"auto\"> Squadra Cuccarini-Lo: Lorella Cuccarini e Emanuel Lo rappresentano l\u2019anima pi\u00f9 moderna e versatile del talent. I loro allievi si distinguono per la capacit\u00e0 di spaziare tra diversi generi musicali e di danza, con un occhio di riguardo per l\u2019espressivit\u00e0 e la presenza scenica. La squadra si presenta come un mix esplosivo di talento e creativit\u00e0, pronto a regalare performance energiche e contemporanee.<\/span><\/li>\n<li><span data-contrast=\"auto\"> Squadra Pettinelli-Lettieri: Anna Pettinelli e Deborah Lettieri puntano tutto sul carisma e sull\u2019istinto artistico. Pettinelli ha scelto voci capaci di lasciare il segno con interpretazioni originali e fuori dagli schemi, mentre la Lettieri guida ballerini abili nel combinare tecnica e spettacolo. La loro squadra promette esibizioni piene di grinta e personalit\u00e0, fondendo tradizione e innovazione per conquistare il pubblico.<\/span><\/li>\n<\/ul>\n<p><b><span data-contrast=\"auto\">Un\u2019edizione che promette emozioni fino all\u2019ultimo<\/span><\/b><span data-ccp-props=\"{&quot;134233117&quot;:true,&quot;134233118&quot;:true,&quot;201341983&quot;:0,&quot;335559740&quot;:240}\">\u00a0<\/span><\/p>\n<p><span data-contrast=\"auto\">L\u2019attesa \u00e8 finita: il Serale di Amici 2024\/2025 \u00e8 pronto a regalare emozioni, colpi di scena e momenti indimenticabili. Ogni settimana sar\u00e0 una sfida sempre pi\u00f9 intensa, con esibizioni che potranno ribaltare completamente il destino degli allievi. La tensione \u00e8 alta, la posta in gioco \u00e8 grande, e ogni scelta sar\u00e0 cruciale.<\/span><span data-ccp-props=\"{&quot;134233117&quot;:true,&quot;134233118&quot;:true,&quot;201341983&quot;:0,&quot;335559740&quot;:240}\">\u00a0<\/span><\/p>\n<p><span data-contrast=\"auto\">Ma oltre alla competizione, Amici \u00e8 anche una storia di crescita, di amicizie e di sogni che prendono forma. Tra lacrime, gioie e sconfitte, questa edizione si preannuncia come una delle pi\u00f9 avvincenti di sempre. Chi riuscir\u00e0 a resistere alla pressione, a conquistare il pubblico e a scrivere il proprio nome nell\u2019albo d\u2019oro del programma? <\/span><span data-ccp-props=\"{&quot;134233117&quot;:true,&quot;134233118&quot;:true,&quot;201341983&quot;:0,&quot;335559740&quot;:240}\">\u00a0<\/span><\/p>\n<p><span data-contrast=\"auto\">Il cammino verso la vittoria \u00e8 appena iniziato, e come sempre, il talento avr\u00e0 l\u2019ultima parola. Non resta che sintonizzarsi e lasciarsi travolgere dallo spettacolo!<\/span><span data-ccp-props=\"{&quot;134233117&quot;:true,&quot;134233118&quot;:true,&quot;201341983&quot;:0,&quot;335559740&quot;:240}\">\u00a0<\/span><\/p>\n<p>Di Michele Aron<\/p>\n<p>Classe ID Liceo Scientifico<\/p>\n<p>&nbsp;<\/p>\n","protected":false},"excerpt":{"rendered":"<p>Un viaggio tra emozioni, sacrifici e sogni pronti a spiccare il volo Questa sera, sabato 22 marzo 2025, si accendono i riflettori sulla fase pi\u00f9 attesa di \u201cAmici\u201d di Maria De Filippi: il Serale. Dopo mesi di sfide, sacrifici e lezioni, i talenti della scuola sono pronti a darsi battaglia sul palco di Canale 5, [&hellip;]<\/p>\n","protected":false},"author":2,"featured_media":869,"comment_status":"closed","ping_status":"closed","sticky":false,"template":"","format":"standard","meta":{"footnotes":""},"categories":[4],"tags":[],"class_list":["post-868","post","type-post","status-publish","format-standard","has-post-thumbnail","hentry","category-cultura"],"_links":{"self":[{"href":"https:\/\/www.iislopianomagazine.it\/index.php?rest_route=\/wp\/v2\/posts\/868","targetHints":{"allow":["GET"]}}],"collection":[{"href":"https:\/\/www.iislopianomagazine.it\/index.php?rest_route=\/wp\/v2\/posts"}],"about":[{"href":"https:\/\/www.iislopianomagazine.it\/index.php?rest_route=\/wp\/v2\/types\/post"}],"author":[{"embeddable":true,"href":"https:\/\/www.iislopianomagazine.it\/index.php?rest_route=\/wp\/v2\/users\/2"}],"replies":[{"embeddable":true,"href":"https:\/\/www.iislopianomagazine.it\/index.php?rest_route=%2Fwp%2Fv2%2Fcomments&post=868"}],"version-history":[{"count":3,"href":"https:\/\/www.iislopianomagazine.it\/index.php?rest_route=\/wp\/v2\/posts\/868\/revisions"}],"predecessor-version":[{"id":872,"href":"https:\/\/www.iislopianomagazine.it\/index.php?rest_route=\/wp\/v2\/posts\/868\/revisions\/872"}],"wp:featuredmedia":[{"embeddable":true,"href":"https:\/\/www.iislopianomagazine.it\/index.php?rest_route=\/wp\/v2\/media\/869"}],"wp:attachment":[{"href":"https:\/\/www.iislopianomagazine.it\/index.php?rest_route=%2Fwp%2Fv2%2Fmedia&parent=868"}],"wp:term":[{"taxonomy":"category","embeddable":true,"href":"https:\/\/www.iislopianomagazine.it\/index.php?rest_route=%2Fwp%2Fv2%2Fcategories&post=868"},{"taxonomy":"post_tag","embeddable":true,"href":"https:\/\/www.iislopianomagazine.it\/index.php?rest_route=%2Fwp%2Fv2%2Ftags&post=868"}],"curies":[{"name":"wp","href":"https:\/\/api.w.org\/{rel}","templated":true}]}}