{"id":903,"date":"2025-03-26T11:03:48","date_gmt":"2025-03-26T11:03:48","guid":{"rendered":"https:\/\/www.iislopianomagazine.it\/?p=903"},"modified":"2025-05-24T10:38:10","modified_gmt":"2025-05-24T10:38:10","slug":"il-caso-di-emenuela-orlandi-42-anni-di-mistriosi-intrighi-e-depistaggi","status":"publish","type":"post","link":"https:\/\/www.iislopianomagazine.it\/?p=903","title":{"rendered":"IL CASO DI EMENUELA ORLANDI: 42 ANNI DI MISTERIOSI INTRIGHI E DEPISTAGGI"},"content":{"rendered":"<h2>Lele Mora riaccende il mistero: \u201cEmanuela \u00e8 viva\u201d<\/h2>\n<p>Il caso di Emanuela Orlandi, la quindicenne scomparsa nel giugno 1983 nella citt\u00e0 vaticana, ha sempre evocato intense emozioni e incertezze, dando origine nel tempo a numerose teorie ed ipotesi sul suo allontanamento.<\/p>\n<p>Proprio di recente, le dichiarazioni di Lele Mora, giornalista e personaggio dello spettacolo, hanno riacceso l\u2019interesse per la vicenda, alimentando nuove speranze. Negli ultimi giorni il giornalista ha dichiarato in un\u2019intervista alle Iene \u201cEmanuela Orlandi \u00e8 viva ed \u00e8 in Austria, non vuole farsi trovare\u201d. A sua detta, sarebbe una dichiarazione certa, basata sulle informazioni fornite da Ali Agca, l\u2019attentatore turco di Papa Giovanni Paolo II, la stessa persona che mentre era in carcere, afferm\u00f2 che la scomparsa di Emanuela Orlandi fosse legata a un complotto internazionale per ottenere la sua liberazione. Secondo questa versione, gruppi legati ai servizi segreti dell&#8217;Europa dell&#8217;Est e alla mafia turca dei Lupi Grigi avrebbero rapito la ragazza per fare pressione sul Vaticano.<\/p>\n<p>Ad ogni modo, queste dichiarazioni sono sempre state viste con scetticismo, considerato che A\u011fca ha cambiato pi\u00f9 volte opinione nel corso degli anni. Infatti tra le tante versioni, la pi\u00f9 discussa \u00e8 proprio quella del collegamento fra l&#8217;attentato a Papa Giovanni Paolo II e i due casi di scomparsa di Emanuela Orlandi e Mirella Gregori, la cui sparizione era avvenuta un mese prima.<\/p>\n<p>Per questo l\u2019asserzione del giornalista Lele Mora potrebbe fornire a Pietro Orlandi la speranza che la lotta da lui portata avanti per anni possa giungere ad una positiva conclusione, ma al contempo le sue parole potrebbero rivelarsi un ulteriore illusione.<\/p>\n<p>Come detto, le ipotesi intorno alla vicenda di Emanuela, risultano essere incerte sin dal momento della sparizione. Nel quadro della storia compaiono sempre pi\u00f9 personaggi che creano un susseguirsi di illusioni e speranze che nella maggior parte dei casi si rivelano, per\u00f2, errate.<\/p>\n<p><strong>Telefonate anonime e depistaggi: il caos delle prime indagini<\/strong><\/p>\n<p>\u00c8 il 22 giugno 1983, Emanuela sta rientrando a casa dopo una lezione di musica, sparisce nella cittadina vaticana dopo aver telefonato a casa per informare di un\u2019offerta di lavoro come promotrice di cosmetici. Una pista, questa del lavoro, inizialmente sottovalutata dalle autorit\u00e0, ma che in seguito verr\u00e0 ricondotta a possibili ingranaggi volti a fare allontanare la ragazza dal contesto vaticano. Di qui in poi inizieranno le disperate ricerche della famiglia e delle forze dell\u2019ordine, senza lasciar nulla al caso.<\/p>\n<p>Inizialmente le autorit\u00e0 si trovarono a dover far i conti con una serie di telefonate anonime che suggerivano un ipotetico legame con Mehmet Ali Agca. Si pens\u00f2 dunque che il rapimento di Emanuela potesse essere collegato a dinamiche internazionali, magari come leva per ottenere la liberazione del terrorista. Ciononostante, questa teoria, pur essendo ampiamente discussa dai media, non port\u00f2 mai a una conferma tangibile.<\/p>\n<p>A questa pista si aggiunse poi la possibilit\u00e0 del coinvolgimento della banda della Magliana. Si ipotizzava, infatti, che l\u2019azione della Banda fosse orchestrata per esercitare pressioni sul Vaticano, in un contesto di traffici illeciti e ricatti, dove la criminalit\u00e0 organizzata intrecciava i suoi fili con ambienti di potere e finanza.<\/p>\n<p>Alcuni ex membri della malavita romana, in colloqui riservati, avevano insinuato che la vicenda potesse essere parte di una strategia pi\u00f9 ampia volta a mantenere sotto controllo alcune istituzioni. Nonostante l\u2019apparente coerenza con alcune testimonianze, l\u2019assenza di elementi probatori solidi e il fatto che non vi fosse mai un collegamento certo tra la banda della Magliana e la sparizione della Orlandi, fece si che questa pista restasse una vile ipotesi.<\/p>\n<p>Tra gli anni 80 e 90 del Novecento, il caso pass\u00f2 da una fase di incessanti ricerche, ad un\u2019altra costituita da numerose inchieste, in due periodi nel complesso compresi tra il 1983 ed il 2015, spesso riaperte per l\u2019aggiunta di pi\u00f9 specifici indizi ma poi archiviate senza un\u2019effettiva soluzione.<\/p>\n<p>Le forze dell\u2019ordine, in collaborazione con alcune sezioni interne al Vaticano, cercarono di rimettere insieme i pezzi di un puzzle costellato di elementi frammentari. Documenti, testimonianze e telefonate continuavano a riaffiorare, ma la mancanza di un \u201cfilo conduttore\u201d impediva una ricostruzione completa.<\/p>\n<p>Sin da subito divenne questo un caso di grande scalpore mediatico, soprattutto essendovi coinvolto il piccolo quadro aureo Vaticano, in quanto i sospetti inclusero poi tutti gli esponenti della chiesa vaticana allora in carica, portando alla luce l\u2019ipotesi che si potesse trattare di un complotto interno ad essa per coprire un presunto scandalo di pedofilia. Alcune dichiarazioni pubbliche, sia di investigatori che proprio di esponenti interni al Vaticano, lasciavano intravedere possibili insabbiamenti. La famiglia Orlandi, guidata con determinazione dal fratello Pietro, denunciava la mancata trasparenza e l\u2019ostilit\u00e0 nel portare a termine le indagini.<\/p>\n<p>Nei primi anni del corrente secolo, le ricerche non erano ancora giunte ad una conclusione, ma, ancora una volta, si aggiunsero nuove piste. Alcuni giornalisti riuscirono a raccogliere dichiarazioni da ex funzionari e informatori, i quali parlavano di \u201caffari nascosti\u201d e di una reticenza istituzionale. Tali fonti suggerivano che i meccanismi che avevano visto la scomparsa di Emanuela potessero essere collocati a giochi interni al Vaticano e relazioni poco chiare con ambienti criminali.<\/p>\n<p>Alcuni ricercatori indipendenti ipotizzarono che archivi e documenti riservati, non resi pubblici per motivi di sicurezza o per proteggere determinate verit\u00e0, potessero contenere elementi utili a chiarire il caso. Questa ipotesi aliment\u00f2 ulteriormente la frustrazione della famiglia Orlandi e l\u2019attenzione dei media.<\/p>\n<p>Nel 2019, spinti da una segnalazione anonima e dalla crescente pressione mediatica e familiare, il Vaticano autorizz\u00f2 l\u2019apertura di alcune tombe nel Cimitero Teutonico.<\/p>\n<p>L\u2019idea era di rintracciare eventuali collegamenti o prove occultate, cercando di recuperare documenti o resti che potessero gettare nuova luce su possibili moventi o coinvolgimenti.<\/p>\n<p>Nonostante l\u2019operazione avesse riacceso la speranza, le esumazioni non produssero elementi decisivi.<\/p>\n<p>In occasione del quarantesimo anniversario della scomparsa, sia il Vaticano sia la Procura di Roma hanno avviato nuove inchieste, cercando di mettere in relazione tutti i fili del caso. Nuove piste, basate su vecchi documenti e su testimonianze recentemente riemerse, sono state analizzate nel tentativo di collegare le varie ipotesi \u2013 dalla pista A\u011fca a quella della Banda della Magliana \u2013 in un\u2019unica narrazione che potesse spiegare il rapimento.<\/p>\n<p>La famiglia fu bersagliata da numerose telefonate anonime, molte delle quali attribuite a un misterioso interlocutore noto come &#8220;l&#8217;Americano&#8221;. Questo individuo contatt\u00f2 ripetutamente sia casa Orlandi che la Segreteria di Stato del Vaticano, spingendo la polizia a intensificare le indagini attraverso un sistema di intercettazione avanzato, il Digisistem, per monitorare le cabine telefoniche dell&#8217;area di San Giovanni Appio.<\/p>\n<p>Nel luglio 1983, il sistema permise di localizzare in tempo reale una chiamata proveniente da una cabina telefonica di via Merulana. Immediatamente furono inviati sul posto una moto e una pattuglia in borghese, che notarono un uomo vestito in modo insolito per la stagione: indossava un impermeabile e un borsello, un dettaglio che lo rendeva facilmente riconoscibile. Tuttavia, alla vista degli agenti, l\u2019individuo si allontan\u00f2 rapidamente e riusc\u00ec a dileguarsi, lasciando la polizia con l&#8217;amara consapevolezza di aver sfiorato la cattura del misterioso telefonista.<\/p>\n<p>A raccontare questi particolari \u00e8 stato Nicola Cavaliere, all\u2019epoca a capo della Sezione Omicidi della squadra mobile, durante un\u2019audizione davanti alla commissione parlamentare d\u2019inchiesta. Il poliziotto ha confermato che, nonostante gli sforzi, l\u2019uomo sembr\u00f2 volatilizzarsi, senza lasciare tracce.<\/p>\n<p>Nel frattempo, si discute della possibilit\u00e0 di ascoltare Marco Fassoni Accetti, che in passato ha dichiarato di essere coinvolto nel rapimento di Emanuela e di aver agito proprio nei panni dell\u2019Americano. Tuttavia, l\u2019avvocata della famiglia Orlandi, Laura Sgr\u00f2, ha espresso scetticismo su queste figure, sostenendo che abbiano contribuito pi\u00f9 a confondere le acque che a far emergere la verit\u00e0.<\/p>\n<p><strong>La frase enigmatica del Papa: \u201cEmanuela sta in cielo\u201d<\/strong><\/p>\n<p>Cinque giorni dopo la sua elezione, il 18 marzo 2013, Papa Francesco incontr\u00f2 Pietro Orlandi all&#8217;uscita della chiesetta vaticana di Sant\u2019Anna, in un momento di intensa emozione. Durante quel breve incontro, mentre stringeva la mano di Pietro, il Papa gli confid\u00f2 con parole semplici ma cariche di significato:\u00a0 \u00abEmanuela sta in cielo\u00bb.<\/p>\n<p>Queste parole, pronunciate con spontaneit\u00e0 e toccante intensit\u00e0, lasciarono Pietro senza parole, accendendo in lui una profonda necessit\u00e0 di conoscere la verit\u00e0 sul destino della sorella scomparsa. Mosso da questo dolore e dalla voglia di chiarimenti, chiese di essere ricevuto dal Pontefice per ottenere dettagli precisi su quando e in quali circostanze Emanuela sarebbe morta.<\/p>\n<p>Il mistero, tuttavia, si complica ulteriormente se si considera il dossier scomparso, ritenuto da molti un documento chiave capace di gettare luce sui retroscena del caso Orlandi, cosw\u00ec come aveva affermato l\u2019ex comandante della Gendarmeria vaticana, Domenico Giani, : &#8216;Se il fascicolo arriva ai media \u00e8 una catastrofe\u00bb.<\/p>\n<p>Queste affermazioni evidenziano non solo l&#8217;angoscia e l&#8217;incertezza che hanno accompagnato la famiglia Orlandi per decenni, ma anche le difficolt\u00e0 insite nel reperire e verificare documenti fondamentali. Il dossier, simbolo di segreti mai svelati, \u00e8 al centro di ulteriori speculazioni, compresa quella controversa pista che vedeva la presenza di Emanuela a Londra.<\/p>\n<p><strong>Documenti scomparsi e fascicoli vuoti: un insabbiamento senza fine<\/strong><\/p>\n<p>Subito dopo le dichiarazioni di Mora, che hanno riacceso i riflettori sul misterioso caso di Emanuela Orlandi, un fascicolo, proveniente dal Ministero dell\u2019Interno e versato all\u2019Archivio Centrale dello Stato nel 2017 in seguito alla direttiva Renzi sulla desecretazione degli atti relativi alle stragi, si \u00e8 rivelato essere vuoto. L&#8217;anomalia \u00e8 stata scoperta dal giornalista e ricercatore Gian Paolo Pelizzaro nel corso di altre ricerche non direttamente collegate al caso Orlandi.<\/p>\n<p>A rendere pubblica la vicenda \u00e8 stato il senatore Andrea De Priamo, presidente della Commissione parlamentare d\u2019inchiesta sulle scomparse di Emanuela Orlandi e Mirella Gregori. Dopo essere stato avvisato da Pelizzaro, De Priamo ha effettuato un sopralluogo all\u2019Archivio Centrale dello Stato e ha preso atto della presenza del fascicolo vuoto, contenente solo una copertina e un elenco sommario dei documenti originariamente inclusi.<\/p>\n<p>Tra i documenti elencati e non reperiti figurano voci relative a interrogatori, accertamenti su cittadini turchi in Italia e in Germania, letture di documenti in lingua tedesca pervenuti all\u2019Ansa e al Messaggero, indagini su individui sospetti, nonch\u00e9 riferimenti a un presunto &#8220;Fronte di Liberazione Turco Anticristiano&#8221;. Alcune delle voci menzionano anche messaggi firmati &#8220;Phoenix&#8221; e una lettera pervenuta all\u2019Ansa di Milano, elementi che suggeriscono collegamenti con le piste internazionali seguite nel corso degli anni dagli investigatori.<\/p>\n<p>Il senatore De Priamo ha dichiarato che la Commissione d\u2019inchiesta si riunir\u00e0 per valutare i passi da intraprendere al fine di ritrovare la documentazione mancante e verificare la catena di custodia degli atti relativi al caso Orlandi. La sparizione dei documenti ufficiali aggiunge un nuovo tassello al complicato mosaico della vicenda Orlandi, alimentando i sospetti su depistaggi e insabbiamenti che per oltre quarant\u2019anni hanno caratterizzato il caso. Ad oggi rimane questo uno dei tanti interrogativi irrisolti, testimonianza del groviglio di misteri e incertezze che ancora avvolge la scomparsa della giovane.<\/p>\n<p>La Commissione parlamentare di inchiesta proseguir\u00e0 il proprio lavoro nella speranza di fare finalmente luce su una delle pi\u00f9 inquietanti scomparse della storia italiana.<\/p>\n<p>&nbsp;<\/p>\n<p>Un\u2019ombra lunga quarant\u2019anni avvolge il destino di Emanuela Orlandi: fino a quando il silenzio sar\u00e0 pi\u00f9 forte della verit\u00e0?<\/p>\n<p>Di Giulia Rizzo<\/p>\n<p>Classe VD Liceo Scientifico<\/p>\n","protected":false},"excerpt":{"rendered":"<p>Lele Mora riaccende il mistero: \u201cEmanuela \u00e8 viva\u201d Il caso di Emanuela Orlandi, la quindicenne scomparsa nel giugno 1983 nella citt\u00e0 vaticana, ha sempre evocato intense emozioni e incertezze, dando origine nel tempo a numerose teorie ed ipotesi sul suo allontanamento. Proprio di recente, le dichiarazioni di Lele Mora, giornalista e personaggio dello spettacolo, hanno [&hellip;]<\/p>\n","protected":false},"author":2,"featured_media":905,"comment_status":"closed","ping_status":"closed","sticky":false,"template":"","format":"standard","meta":{"footnotes":""},"categories":[14],"tags":[],"class_list":["post-903","post","type-post","status-publish","format-standard","has-post-thumbnail","hentry","category-inchieste-e-reportage"],"_links":{"self":[{"href":"https:\/\/www.iislopianomagazine.it\/index.php?rest_route=\/wp\/v2\/posts\/903","targetHints":{"allow":["GET"]}}],"collection":[{"href":"https:\/\/www.iislopianomagazine.it\/index.php?rest_route=\/wp\/v2\/posts"}],"about":[{"href":"https:\/\/www.iislopianomagazine.it\/index.php?rest_route=\/wp\/v2\/types\/post"}],"author":[{"embeddable":true,"href":"https:\/\/www.iislopianomagazine.it\/index.php?rest_route=\/wp\/v2\/users\/2"}],"replies":[{"embeddable":true,"href":"https:\/\/www.iislopianomagazine.it\/index.php?rest_route=%2Fwp%2Fv2%2Fcomments&post=903"}],"version-history":[{"count":3,"href":"https:\/\/www.iislopianomagazine.it\/index.php?rest_route=\/wp\/v2\/posts\/903\/revisions"}],"predecessor-version":[{"id":1683,"href":"https:\/\/www.iislopianomagazine.it\/index.php?rest_route=\/wp\/v2\/posts\/903\/revisions\/1683"}],"wp:featuredmedia":[{"embeddable":true,"href":"https:\/\/www.iislopianomagazine.it\/index.php?rest_route=\/wp\/v2\/media\/905"}],"wp:attachment":[{"href":"https:\/\/www.iislopianomagazine.it\/index.php?rest_route=%2Fwp%2Fv2%2Fmedia&parent=903"}],"wp:term":[{"taxonomy":"category","embeddable":true,"href":"https:\/\/www.iislopianomagazine.it\/index.php?rest_route=%2Fwp%2Fv2%2Fcategories&post=903"},{"taxonomy":"post_tag","embeddable":true,"href":"https:\/\/www.iislopianomagazine.it\/index.php?rest_route=%2Fwp%2Fv2%2Ftags&post=903"}],"curies":[{"name":"wp","href":"https:\/\/api.w.org\/{rel}","templated":true}]}}