{"id":992,"date":"2025-04-02T14:52:53","date_gmt":"2025-04-02T14:52:53","guid":{"rendered":"https:\/\/www.iislopianomagazine.it\/?p=992"},"modified":"2025-05-28T08:10:40","modified_gmt":"2025-05-28T08:10:40","slug":"giornata-mondiale-per-la-consapevolezza-dellautismo","status":"publish","type":"post","link":"https:\/\/www.iislopianomagazine.it\/?p=992","title":{"rendered":"Giornata Mondiale per la Consapevolezza dell\u2019Autismo"},"content":{"rendered":"<h2><strong>\u201cConoscersi, Ascoltarsi, Dialogare con l\u2019autismo\u201d: l\u2019I.I.S.\u00a0 &#8220;S. Lopiano&#8221; organizza un evento di inclusione e formazione\u00a0\u00a0\u00a0<\/strong><\/h2>\n<p><img loading=\"lazy\" decoding=\"async\" class=\"alignnone size-medium wp-image-995\" src=\"https:\/\/www.iislopianomagazine.it\/wp-content\/uploads\/2025\/04\/30da31f3-1c49-4267-b841-36e812ab3932-203x300.jpg\" alt=\"\" width=\"203\" height=\"300\" srcset=\"https:\/\/www.iislopianomagazine.it\/wp-content\/uploads\/2025\/04\/30da31f3-1c49-4267-b841-36e812ab3932-203x300.jpg 203w, https:\/\/www.iislopianomagazine.it\/wp-content\/uploads\/2025\/04\/30da31f3-1c49-4267-b841-36e812ab3932-692x1024.jpg 692w, https:\/\/www.iislopianomagazine.it\/wp-content\/uploads\/2025\/04\/30da31f3-1c49-4267-b841-36e812ab3932-768x1136.jpg 768w, https:\/\/www.iislopianomagazine.it\/wp-content\/uploads\/2025\/04\/30da31f3-1c49-4267-b841-36e812ab3932-1039x1536.jpg 1039w, https:\/\/www.iislopianomagazine.it\/wp-content\/uploads\/2025\/04\/30da31f3-1c49-4267-b841-36e812ab3932.jpg 1082w\" sizes=\"auto, (max-width: 203px) 100vw, 203px\" \/><\/p>\n<p>Il 2 aprile 2025, in tutto il mondo si celebra la Giornata Mondiale della Consapevolezza sull\u2019Autismo, un evento annuale istituito nel 2007 dall\u2019Assemblea Generale delle Nazioni Unite. Questo giorno \u00e8 dedicato alla sensibilizzazione sul disturbo dello spettro autistico, con l\u2019obiettivo di promuovere una maggiore inclusione sociale e garantire pari opportunit\u00e0. Rappresenta pertanto un\u2019occasione per riflettere sul ruolo della societ\u00e0 nell\u2019assicurare che ogni individuo, indipendentemente dalle proprie sfide, possa vivere una vita soddisfacente e piena.<\/p>\n<p><img loading=\"lazy\" decoding=\"async\" class=\"alignnone size-medium wp-image-994\" src=\"https:\/\/www.iislopianomagazine.it\/wp-content\/uploads\/2025\/04\/4b94a345-3744-4680-ae82-60a53d9eafa9-300x225.jpg\" alt=\"\" width=\"300\" height=\"225\" srcset=\"https:\/\/www.iislopianomagazine.it\/wp-content\/uploads\/2025\/04\/4b94a345-3744-4680-ae82-60a53d9eafa9-300x225.jpg 300w, https:\/\/www.iislopianomagazine.it\/wp-content\/uploads\/2025\/04\/4b94a345-3744-4680-ae82-60a53d9eafa9-1024x768.jpg 1024w, https:\/\/www.iislopianomagazine.it\/wp-content\/uploads\/2025\/04\/4b94a345-3744-4680-ae82-60a53d9eafa9-768x576.jpg 768w, https:\/\/www.iislopianomagazine.it\/wp-content\/uploads\/2025\/04\/4b94a345-3744-4680-ae82-60a53d9eafa9-1536x1152.jpg 1536w, https:\/\/www.iislopianomagazine.it\/wp-content\/uploads\/2025\/04\/4b94a345-3744-4680-ae82-60a53d9eafa9.jpg 1600w\" sizes=\"auto, (max-width: 300px) 100vw, 300px\" \/><\/p>\n<p>Anche il nostro Istituto ha dato un contributo importante a questa giornata, organizzando un evento di sensibilizzazione e inclusione con il contributo dell\u2019associazione \u201cCalcia l\u2019autismo\u201d. Nel corso della mattinata sono intervenuti sia il nostro Dirigente scolastico Graziano Di Pasqua, che il dott. Giuseppe Mantuano, Dirigente Scolastico dell\u2019I.C. di Cetraro, infatti alla manifestazione hanno partecipato anche gli studenti speciali che attualmente frequentano le Scuole Medie di Cetraro ma sono gi\u00e0 iscritti all\u2019Istituto S. Lopiano per il prossimo anno scolastico. \u00c8 poi intervenuto il presidente dell\u2019Associazione \u201cCalcia l\u2019autismo\u201d Luigi Lupo, e il sociologo Gianluca Paletta, esperto in espressione corporea, che ha tenuto il Work shop denominato \u201cConoscersi, ascoltarsi e dialogare con l\u2019autismo\u201d. L\u2019esperto ha spiegato agli studenti quanto sia importante dare valore a ogni singolo gesto, poich\u00e9 anche quelli apparentemente privi di significato, possono invece fare la differenza per trasmettere le nostre emozioni ai ragazzi autistici. Proprio il corpo e le sue molteplici capacit\u00e0 espressive, sono stati al centro dell\u2019incontro; il dott. Paletta ha infatti sottolineato il ruolo fondamentale della comunicazione corporea nel rapporto con le persone autistiche, ma anche nella vita quotidiana per trasmettere quel senso di appartenenza alla comunit\u00e0 di cui ognuno di noi sente in maniera innata il bisogno per autoriconoscersi e integrarsi.<\/p>\n<p><img loading=\"lazy\" decoding=\"async\" class=\"alignnone size-medium wp-image-996\" src=\"https:\/\/www.iislopianomagazine.it\/wp-content\/uploads\/2025\/04\/6a6a55b2-74cf-4dd6-b8f3-527ff2e8fae9-300x225.jpg\" alt=\"\" width=\"300\" height=\"225\" srcset=\"https:\/\/www.iislopianomagazine.it\/wp-content\/uploads\/2025\/04\/6a6a55b2-74cf-4dd6-b8f3-527ff2e8fae9-300x225.jpg 300w, https:\/\/www.iislopianomagazine.it\/wp-content\/uploads\/2025\/04\/6a6a55b2-74cf-4dd6-b8f3-527ff2e8fae9-1024x768.jpg 1024w, https:\/\/www.iislopianomagazine.it\/wp-content\/uploads\/2025\/04\/6a6a55b2-74cf-4dd6-b8f3-527ff2e8fae9-768x576.jpg 768w, https:\/\/www.iislopianomagazine.it\/wp-content\/uploads\/2025\/04\/6a6a55b2-74cf-4dd6-b8f3-527ff2e8fae9-1536x1152.jpg 1536w, https:\/\/www.iislopianomagazine.it\/wp-content\/uploads\/2025\/04\/6a6a55b2-74cf-4dd6-b8f3-527ff2e8fae9.jpg 1600w\" sizes=\"auto, (max-width: 300px) 100vw, 300px\" \/><\/p>\n<p>A tale scopo erano presenti anche i maestri di danza Maria Assunta Occhiuzzi e Salvatore Lombardo del <em>Centro Danza<\/em> <em>Attitude<\/em> di Cetraro i quali hanno spiegato agli studenti come la danza possa rappresentare un potente mezzo di espressione, soprattutto per le persone con autismo verbale. In particolare il maestro Lombardo si \u00e8 poi esibito sulle note della canzone \u201cSognando\u201d di Don Backy che, gi\u00e0 negli anni Settanta, aveva abbattuto il muro dell\u2019indifferenza sul tema della salute mentale.<\/p>\n<p><img loading=\"lazy\" decoding=\"async\" class=\"alignnone size-medium wp-image-997\" src=\"https:\/\/www.iislopianomagazine.it\/wp-content\/uploads\/2025\/04\/ef121c2b-d4f7-49b8-8c51-50bd51140210-225x300.jpg\" alt=\"\" width=\"225\" height=\"300\" srcset=\"https:\/\/www.iislopianomagazine.it\/wp-content\/uploads\/2025\/04\/ef121c2b-d4f7-49b8-8c51-50bd51140210-225x300.jpg 225w, https:\/\/www.iislopianomagazine.it\/wp-content\/uploads\/2025\/04\/ef121c2b-d4f7-49b8-8c51-50bd51140210-768x1024.jpg 768w, https:\/\/www.iislopianomagazine.it\/wp-content\/uploads\/2025\/04\/ef121c2b-d4f7-49b8-8c51-50bd51140210-1152x1536.jpg 1152w, https:\/\/www.iislopianomagazine.it\/wp-content\/uploads\/2025\/04\/ef121c2b-d4f7-49b8-8c51-50bd51140210.jpg 1200w\" sizes=\"auto, (max-width: 225px) 100vw, 225px\" \/><\/p>\n<p>L\u2019evento ha avuto inoltre un presentatore d\u2019eccezione, il simpatico robottino di ultima generazione NAO, realizzato dal prof Franco Piluso, che ha illustrato come anche l\u2019intelligenza artificiale possa essere utile non solo alle persone con disabilit\u00e0, ma possa venire incontro a tutti noi per comprendere pi\u00f9 da vicino la realt\u00e0 dell\u2019autismo senza cadere in facili pregiudizi.<\/p>\n<p><strong>La Consapevolezza Globale sull\u2019Autismo <\/strong><\/p>\n<p>Secondo le stime dell\u2019Organizzazione Mondiale della Sanit\u00e0 (OMS), 1 persona su 100 nel mondo vive con l\u2019autismo, con una prevalenza crescente negli ultimi decenni. Questo aumento \u00e8 attribuito sia a una maggiore consapevolezza, che ha portato a diagnosi pi\u00f9 precoci, sia a miglioramenti nella capacit\u00e0 di identificare il disturbo. Inoltre, l\u2019autismo \u00e8 quattro volte pi\u00f9 comune nei maschi che nelle femmine. Le diagnosi di autismo continuano a crescere in tutto il mondo, con un\u2019incidenza che varia tra i paesi, ma \u00e8 generalmente in aumento grazie alla crescente attenzione verso il disturbo.<\/p>\n<p><strong>La Situazione in Italia<\/strong><\/p>\n<p>In Italia, la consapevolezza dell\u2019autismo \u00e8 ancora insufficiente rispetto ad altri paesi europei. Secondo una ricerca del Censis, l\u2019Italia \u00e8 tra i paesi che dedicano meno risorse alla protezione sociale delle persone con disabilit\u00e0, comprese le persone autistiche. L\u2019Istituto Superiore di Sanit\u00e0 (ISS) stima che circa 1 bambino su 77 in Italia sia diagnosticato con disturbi dello spettro autistico, una cifra che continua a crescere. Tuttavia, la scarsit\u00e0 di risorse e la mancanza di supporto educativo e terapeutico continuano a essere tra le principali difficolt\u00e0 per le famiglie italiane. Solo il 25% dei bambini con autismo riceve il supporto adeguato a scuola, e le opportunit\u00e0 lavorative per gli adulti autistici sono limitate. Queste difficolt\u00e0 sono aggravate dalla mancanza di formazione per i docenti e i professionisti che lavorano con persone autistiche. Infatti, una percentuale significativa di scuole e strutture pubbliche non \u00e8 sufficientemente preparata ad affrontare le esigenze specifiche degli studenti autistici, riducendo cos\u00ec le loro possibilit\u00e0 di successo educativo e sociale.<\/p>\n<p><strong>Blu: Il Simbolo della Speranza <\/strong><\/p>\n<p>Il colore blu \u00e8 ormai simbolo universale della Giornata Mondiale dell\u2019Autismo. Ogni anno, \u201cLight it up blue\u201d, un\u2019iniziativa lanciata dall\u2019organizzazione Autism Speaks, invita citt\u00e0 e monumenti di tutto il mondo ad illuminarsi di blu per attirare l\u2019attenzione sull\u2019autismo e stimolare la riflessione collettiva. Monumenti iconici come l\u2019Empire State Building a New York, il Cristo Redentore a Rio de Janeiro, la Piramide di Giza in Egitto e l\u2019Arco di Costantino a Roma, si tingono di blu, creando una visibilit\u00e0 globale per una causa che merita il nostro impegno. Un gesto simbolico che parla di solidariet\u00e0, inclusione e speranza per un mondo pi\u00f9 equo.<\/p>\n<p>La Giornata Mondiale della Consapevolezza sull\u2019Autismo rappresenta, quindi, non solo un momento di riflessione, ma anche un impegno concreto per costruire una societ\u00e0 pi\u00f9 giusta e inclusiva. Solo attraverso l\u2019educazione, la ricerca e l\u2019abbattimento delle barriere sociali e culturali possiamo sperare in un futuro in cui ogni persona con autismo possa realizzare pienamente il proprio potenziale, senza discriminazioni o limiti imposti dalla societ\u00e0.<\/p>\n","protected":false},"excerpt":{"rendered":"<p>\u201cConoscersi, Ascoltarsi, Dialogare con l\u2019autismo\u201d: l\u2019I.I.S.\u00a0 &#8220;S. Lopiano&#8221; organizza un evento di inclusione e formazione\u00a0\u00a0\u00a0 Il 2 aprile 2025, in tutto il mondo si celebra la Giornata Mondiale della Consapevolezza sull\u2019Autismo, un evento annuale istituito nel 2007 dall\u2019Assemblea Generale delle Nazioni Unite. Questo giorno \u00e8 dedicato alla sensibilizzazione sul disturbo dello spettro autistico, con l\u2019obiettivo [&hellip;]<\/p>\n","protected":false},"author":2,"featured_media":993,"comment_status":"closed","ping_status":"closed","sticky":false,"template":"","format":"standard","meta":{"footnotes":""},"categories":[1,3],"tags":[],"class_list":["post-992","post","type-post","status-publish","format-standard","has-post-thumbnail","hentry","category-notizie","category-primo-piano"],"_links":{"self":[{"href":"https:\/\/www.iislopianomagazine.it\/index.php?rest_route=\/wp\/v2\/posts\/992","targetHints":{"allow":["GET"]}}],"collection":[{"href":"https:\/\/www.iislopianomagazine.it\/index.php?rest_route=\/wp\/v2\/posts"}],"about":[{"href":"https:\/\/www.iislopianomagazine.it\/index.php?rest_route=\/wp\/v2\/types\/post"}],"author":[{"embeddable":true,"href":"https:\/\/www.iislopianomagazine.it\/index.php?rest_route=\/wp\/v2\/users\/2"}],"replies":[{"embeddable":true,"href":"https:\/\/www.iislopianomagazine.it\/index.php?rest_route=%2Fwp%2Fv2%2Fcomments&post=992"}],"version-history":[{"count":4,"href":"https:\/\/www.iislopianomagazine.it\/index.php?rest_route=\/wp\/v2\/posts\/992\/revisions"}],"predecessor-version":[{"id":1720,"href":"https:\/\/www.iislopianomagazine.it\/index.php?rest_route=\/wp\/v2\/posts\/992\/revisions\/1720"}],"wp:featuredmedia":[{"embeddable":true,"href":"https:\/\/www.iislopianomagazine.it\/index.php?rest_route=\/wp\/v2\/media\/993"}],"wp:attachment":[{"href":"https:\/\/www.iislopianomagazine.it\/index.php?rest_route=%2Fwp%2Fv2%2Fmedia&parent=992"}],"wp:term":[{"taxonomy":"category","embeddable":true,"href":"https:\/\/www.iislopianomagazine.it\/index.php?rest_route=%2Fwp%2Fv2%2Fcategories&post=992"},{"taxonomy":"post_tag","embeddable":true,"href":"https:\/\/www.iislopianomagazine.it\/index.php?rest_route=%2Fwp%2Fv2%2Ftags&post=992"}],"curies":[{"name":"wp","href":"https:\/\/api.w.org\/{rel}","templated":true}]}}